{"id":1062,"date":"2025-04-09T17:32:49","date_gmt":"2025-04-09T16:32:49","guid":{"rendered":"https:\/\/studioandreasticchidamiani.com\/?p=1062"},"modified":"2025-04-09T17:32:49","modified_gmt":"2025-04-09T16:32:49","slug":"occupazione-temporanea-espropriativa-per-opere-di-mitigazione-andrea-sticchi-damiani-vince-al-cga","status":"publish","type":"post","link":"https:\/\/studioandreasticchidamiani.com\/it\/occupazione-temporanea-espropriativa-per-opere-di-mitigazione-andrea-sticchi-damiani-vince-al-cga\/","title":{"rendered":"Occupazione temporanea espropriativa per opere di mitigazione, Andrea Sticchi Damiani vince al CGA"},"content":{"rendered":"<p>Si \u00e8 conclusa con due sentenze depositate in data 1\/4\/2025 al Consiglio di Giustizia Amministrativa per la regione siciliana una controversia promossa da un privato proprietario di alcuni terreni e di un antico \u201cbaglio\u201d situato in agro del comune di Buseto Palizzolo in provincia di Trapani, posto nelle vicinanze di un impianto di produzione di energia da fonte rinnovabile eolica, gi\u00e0 costruito e in funzione, di titolarit\u00e0 di una societ\u00e0 del Gruppo Asja, autorizzato \u00a0dall\u2019Assessorato regionale dell\u2019Energia e dei Servizi di pubblica utilit\u00e0 con decreto del 2016.<\/p>\n<p>Il giudizio \u00e8 stato promosso dal proprietario (a seguito di acquisto dei terreni e del baglio nel 2021 \u00a0ritenendo che l\u2019Autorizzazione Unica per la costruzione e l\u2019esercizio dell\u2019impianto, poich\u00e9 rilasciata sulla scorta del parere favorevole della Soprintendenza, condizionato alla realizzazione di opere di mitigazione ambientali consistenti in un filare alberato mitigante la visibilit\u00e0 di una delle torri eoliche dal Baglio, da piantumare sui terreni privati di pertinenza dello stesso baglio, costituisse un opera ad effetto espropriativo e quindi fosse necessaria la notifica del provvedimento autorizzativo direttamente al proprietario delle aree interessate dalla esecuzione dell\u2019opera di mitigazione.<\/p>\n<p>Asja, difesa dall\u2019Avv. Andrea Sticchi Damiani, ha resistito al ricorso facendo valere in primo luogo la manifesta tardivit\u00e0 del ricorso, promosso solo nel 2022, con il quale si chiedeva l\u2019annullamento del decreto contenete l\u2019Autorizzazione Unica alla costruzione ed esercizio rilasciato nel 2016 e pubblicato nelle forme di legge. Inoltre, la difesa di Asja ha sostenuto che la prescrizione contenuta nell\u2019autorizzazione paesaggistica della Soprintendenza, e cio\u00e8 la realizzazione della misura di mitigazione a tutela del baglio, per un verso non rendeva necessario che la societ\u00e0 autorizzata fosse proprietaria delle aree di sedime dell\u2019opera di mitigazione, e per altro verso non introduceva un vincolo espropriativo per effetto del quale l\u2019AU dovesse essere notificata direttamente al proprietario del baglio e dell\u2019area di pertinenza su cui il filare alberato doveva essere piantumato.<\/p>\n<p>Il Consiglio di Giustizia Amministrativa ha confermato la tardivit\u00e0 del ricorso contro l\u2019AU rilasciata con \u00a0D.R.S. n. 763\/2016, in quanto ogni questione concernente l\u2019autorizzazione stessa avrebbe dovuto essere proposta dal dante causa dell\u2019attuale proprietario e ricorrente, con tempestivo ricorso anche con riferimento alle prescrizioni contenute nello stesso provvedimento autorizzativo, tenuto conto anche della piena conoscibilit\u00e0 delle opere di mitigazione (piantumazione degli alberi). Neanche la successiva occupazione temporanea d\u2019urgenza, non avente finalit\u00e0 espropriativa, poteva rimettere nei termini per la formulazione di censure avverso il presupposto atto autorizzativo dell\u2019impianto e della prescrizione ambientale.<\/p>\n<p>Quanto alla esecuzione dell\u2019opera di mitigazione, <strong>il CGA ha poi confermato, aderendo anche su tale aspetto alle tesi della difesa di Asja, che l\u2019attivit\u00e0 di piantumazione di alberi \u00e8 inidonea a costituire una fattispecie di c.d. \u201cespropriazione sostanziale\u201d, sulla base della medesima ratio che ha portato la condivisibile e maggioritaria giurisprudenza ad escludere l\u2019imposizione di un vincolo espropriativo nei casi di destinazione di un\u2019area a verde pubblico<\/strong>. Ne deriva che non possono ritenersi applicabili le norme preordinate a regolare il procedimento ablativo, che infatti non viene in rilievo nel caso deciso, trattandosi invece di un\u2019occupazione temporanea, per il tempo necessario alla piantumazione degli alberi.<\/p>\n<p>Ulteriore e rilevante aspetto condiviso dal CGA rispetto alle difese formulate, \u00e8 quello per cui il riferimento ai \u201clavori\u201d di realizzazione dell\u2019impianto cui fa riferimento l\u2019atto autorizzativo ai fini dell\u2019osservanza del termine concesso, pena la decadenza, non riguardano le opere di mitigazione, ma solo le opere per la realizzazione dell\u2019impianto, nonch\u00e9 alle opere connesse ed alle infrastrutture indispensabili.<\/p>\n<p>Un\u2019altra prova di attenzione ed equilibrio dei giudici amministrativi che fa chiarezza e assicura certezza per gli operatori delle rinnovabili e i sostenitori della transizione energetica.<\/p>\n<p>&nbsp;<\/p>\n<p>&nbsp;<\/p>\n<p>&nbsp;<\/p>\n","protected":false},"excerpt":{"rendered":"<p>Si \u00e8 conclusa con due sentenze depositate in data 1\/4\/2025 al Consiglio di Giustizia Amministrativa per la regione siciliana una controversia promossa da un privato proprietario di alcuni terreni e di un antico \u201cbaglio\u201d situato in agro del comune di Buseto Palizzolo in provincia di Trapani, posto nelle vicinanze di un impianto di produzione di&#8230;<\/p>\n","protected":false},"author":1,"featured_media":1063,"comment_status":"closed","ping_status":"closed","sticky":false,"template":"","format":"standard","meta":{"_acf_changed":false,"inline_featured_image":false,"footnotes":""},"categories":[1],"tags":[],"class_list":["post-1062","post","type-post","status-publish","format-standard","has-post-thumbnail","hentry","category-non-categorizzato"],"acf":[],"yoast_head":"<!-- This site is optimized with the Yoast SEO plugin v25.3 - https:\/\/yoast.com\/wordpress\/plugins\/seo\/ -->\n<title>Occupazione temporanea espropriativa per opere di mitigazione, Andrea Sticchi Damiani vince al CGA - ASD \u2013 Andrea Sticchi Damiani Studio Legale<\/title>\n<meta name=\"robots\" content=\"index, follow, max-snippet:-1, max-image-preview:large, max-video-preview:-1\" \/>\n<link rel=\"canonical\" href=\"https:\/\/studioandreasticchidamiani.com\/it\/occupazione-temporanea-espropriativa-per-opere-di-mitigazione-andrea-sticchi-damiani-vince-al-cga\/\" \/>\n<meta property=\"og:locale\" content=\"it_IT\" \/>\n<meta property=\"og:type\" content=\"article\" \/>\n<meta property=\"og:title\" content=\"Occupazione temporanea espropriativa per opere di mitigazione, Andrea Sticchi Damiani vince al CGA - ASD \u2013 Andrea Sticchi Damiani Studio Legale\" \/>\n<meta property=\"og:description\" content=\"Si \u00e8 conclusa con due sentenze depositate in data 1\/4\/2025 al Consiglio di Giustizia Amministrativa per la regione siciliana una controversia promossa da un privato proprietario di alcuni terreni e di un antico \u201cbaglio\u201d situato in agro del comune di Buseto Palizzolo in provincia di Trapani, posto nelle vicinanze di un impianto di produzione di...\" \/>\n<meta property=\"og:url\" content=\"https:\/\/studioandreasticchidamiani.com\/it\/occupazione-temporanea-espropriativa-per-opere-di-mitigazione-andrea-sticchi-damiani-vince-al-cga\/\" \/>\n<meta property=\"og:site_name\" content=\"ASD \u2013 Andrea Sticchi Damiani Studio Legale\" \/>\n<meta property=\"article:published_time\" content=\"2025-04-09T16:32:49+00:00\" \/>\n<meta property=\"og:image\" content=\"https:\/\/studioandreasticchidamiani.com\/wp-content\/uploads\/2025\/04\/cga.jpg\" \/>\n\t<meta property=\"og:image:width\" content=\"440\" \/>\n\t<meta property=\"og:image:height\" content=\"280\" \/>\n\t<meta property=\"og:image:type\" content=\"image\/jpeg\" \/>\n<meta name=\"author\" content=\"admin\" \/>\n<meta name=\"twitter:card\" content=\"summary_large_image\" \/>\n<meta name=\"twitter:label1\" content=\"Scritto da\" \/>\n\t<meta name=\"twitter:data1\" content=\"admin\" \/>\n\t<meta name=\"twitter:label2\" content=\"Tempo di lettura stimato\" \/>\n\t<meta name=\"twitter:data2\" content=\"3 minuti\" \/>\n<script type=\"application\/ld+json\" class=\"yoast-schema-graph\">{\"@context\":\"https:\/\/schema.org\",\"@graph\":[{\"@type\":\"WebPage\",\"@id\":\"https:\/\/studioandreasticchidamiani.com\/it\/occupazione-temporanea-espropriativa-per-opere-di-mitigazione-andrea-sticchi-damiani-vince-al-cga\/\",\"url\":\"https:\/\/studioandreasticchidamiani.com\/it\/occupazione-temporanea-espropriativa-per-opere-di-mitigazione-andrea-sticchi-damiani-vince-al-cga\/\",\"name\":\"Occupazione temporanea espropriativa per opere di mitigazione, Andrea Sticchi Damiani vince al CGA - ASD \u2013 Andrea Sticchi Damiani Studio Legale\",\"isPartOf\":{\"@id\":\"https:\/\/studioandreasticchidamiani.com\/it\/#website\"},\"primaryImageOfPage\":{\"@id\":\"https:\/\/studioandreasticchidamiani.com\/it\/occupazione-temporanea-espropriativa-per-opere-di-mitigazione-andrea-sticchi-damiani-vince-al-cga\/#primaryimage\"},\"image\":{\"@id\":\"https:\/\/studioandreasticchidamiani.com\/it\/occupazione-temporanea-espropriativa-per-opere-di-mitigazione-andrea-sticchi-damiani-vince-al-cga\/#primaryimage\"},\"thumbnailUrl\":\"https:\/\/studioandreasticchidamiani.com\/wp-content\/uploads\/2025\/04\/cga.jpg\",\"datePublished\":\"2025-04-09T16:32:49+00:00\",\"author\":{\"@id\":\"https:\/\/studioandreasticchidamiani.com\/it\/#\/schema\/person\/d16e475b2361ce5561eaf4242bdb95ab\"},\"breadcrumb\":{\"@id\":\"https:\/\/studioandreasticchidamiani.com\/it\/occupazione-temporanea-espropriativa-per-opere-di-mitigazione-andrea-sticchi-damiani-vince-al-cga\/#breadcrumb\"},\"inLanguage\":\"it-IT\",\"potentialAction\":[{\"@type\":\"ReadAction\",\"target\":[\"https:\/\/studioandreasticchidamiani.com\/it\/occupazione-temporanea-espropriativa-per-opere-di-mitigazione-andrea-sticchi-damiani-vince-al-cga\/\"]}]},{\"@type\":\"ImageObject\",\"inLanguage\":\"it-IT\",\"@id\":\"https:\/\/studioandreasticchidamiani.com\/it\/occupazione-temporanea-espropriativa-per-opere-di-mitigazione-andrea-sticchi-damiani-vince-al-cga\/#primaryimage\",\"url\":\"https:\/\/studioandreasticchidamiani.com\/wp-content\/uploads\/2025\/04\/cga.jpg\",\"contentUrl\":\"https:\/\/studioandreasticchidamiani.com\/wp-content\/uploads\/2025\/04\/cga.jpg\",\"width\":440,\"height\":280},{\"@type\":\"BreadcrumbList\",\"@id\":\"https:\/\/studioandreasticchidamiani.com\/it\/occupazione-temporanea-espropriativa-per-opere-di-mitigazione-andrea-sticchi-damiani-vince-al-cga\/#breadcrumb\",\"itemListElement\":[{\"@type\":\"ListItem\",\"position\":1,\"name\":\"Home\",\"item\":\"https:\/\/studioandreasticchidamiani.com\/it\/\"},{\"@type\":\"ListItem\",\"position\":2,\"name\":\"Occupazione temporanea espropriativa per opere di mitigazione, Andrea Sticchi Damiani vince al CGA\"}]},{\"@type\":\"WebSite\",\"@id\":\"https:\/\/studioandreasticchidamiani.com\/it\/#website\",\"url\":\"https:\/\/studioandreasticchidamiani.com\/it\/\",\"name\":\"ASD \u2013 Andrea Sticchi Damiani Studio Legale\",\"description\":\"\",\"potentialAction\":[{\"@type\":\"SearchAction\",\"target\":{\"@type\":\"EntryPoint\",\"urlTemplate\":\"https:\/\/studioandreasticchidamiani.com\/it\/?s={search_term_string}\"},\"query-input\":{\"@type\":\"PropertyValueSpecification\",\"valueRequired\":true,\"valueName\":\"search_term_string\"}}],\"inLanguage\":\"it-IT\"},{\"@type\":\"Person\",\"@id\":\"https:\/\/studioandreasticchidamiani.com\/it\/#\/schema\/person\/d16e475b2361ce5561eaf4242bdb95ab\",\"name\":\"admin\",\"image\":{\"@type\":\"ImageObject\",\"inLanguage\":\"it-IT\",\"@id\":\"https:\/\/studioandreasticchidamiani.com\/it\/#\/schema\/person\/image\/\",\"url\":\"https:\/\/secure.gravatar.com\/avatar\/422e4d34356f1536a7ba228cbc7c1fd46f2e26f4b4170a45d3c4192ac1ee937b?s=96&d=mm&r=g\",\"contentUrl\":\"https:\/\/secure.gravatar.com\/avatar\/422e4d34356f1536a7ba228cbc7c1fd46f2e26f4b4170a45d3c4192ac1ee937b?s=96&d=mm&r=g\",\"caption\":\"admin\"},\"sameAs\":[\"https:\/\/studioandreasticchidamiani.com\"]}]}<\/script>\n<!-- \/ Yoast SEO plugin. -->","yoast_head_json":{"title":"Occupazione temporanea espropriativa per opere di mitigazione, Andrea Sticchi Damiani vince al CGA - ASD \u2013 Andrea Sticchi Damiani Studio Legale","robots":{"index":"index","follow":"follow","max-snippet":"max-snippet:-1","max-image-preview":"max-image-preview:large","max-video-preview":"max-video-preview:-1"},"canonical":"https:\/\/studioandreasticchidamiani.com\/it\/occupazione-temporanea-espropriativa-per-opere-di-mitigazione-andrea-sticchi-damiani-vince-al-cga\/","og_locale":"it_IT","og_type":"article","og_title":"Occupazione temporanea espropriativa per opere di mitigazione, Andrea Sticchi Damiani vince al CGA - ASD \u2013 Andrea Sticchi Damiani Studio Legale","og_description":"Si \u00e8 conclusa con due sentenze depositate in data 1\/4\/2025 al Consiglio di Giustizia Amministrativa per la regione siciliana una controversia promossa da un privato proprietario di alcuni terreni e di un antico \u201cbaglio\u201d situato in agro del comune di Buseto Palizzolo in provincia di Trapani, posto nelle vicinanze di un impianto di produzione di...","og_url":"https:\/\/studioandreasticchidamiani.com\/it\/occupazione-temporanea-espropriativa-per-opere-di-mitigazione-andrea-sticchi-damiani-vince-al-cga\/","og_site_name":"ASD \u2013 Andrea Sticchi Damiani Studio Legale","article_published_time":"2025-04-09T16:32:49+00:00","og_image":[{"width":440,"height":280,"url":"https:\/\/studioandreasticchidamiani.com\/wp-content\/uploads\/2025\/04\/cga.jpg","type":"image\/jpeg"}],"author":"admin","twitter_card":"summary_large_image","twitter_misc":{"Scritto da":"admin","Tempo di lettura stimato":"3 minuti"},"schema":{"@context":"https:\/\/schema.org","@graph":[{"@type":"WebPage","@id":"https:\/\/studioandreasticchidamiani.com\/it\/occupazione-temporanea-espropriativa-per-opere-di-mitigazione-andrea-sticchi-damiani-vince-al-cga\/","url":"https:\/\/studioandreasticchidamiani.com\/it\/occupazione-temporanea-espropriativa-per-opere-di-mitigazione-andrea-sticchi-damiani-vince-al-cga\/","name":"Occupazione temporanea espropriativa per opere di mitigazione, Andrea Sticchi Damiani vince al CGA - ASD \u2013 Andrea Sticchi Damiani Studio Legale","isPartOf":{"@id":"https:\/\/studioandreasticchidamiani.com\/it\/#website"},"primaryImageOfPage":{"@id":"https:\/\/studioandreasticchidamiani.com\/it\/occupazione-temporanea-espropriativa-per-opere-di-mitigazione-andrea-sticchi-damiani-vince-al-cga\/#primaryimage"},"image":{"@id":"https:\/\/studioandreasticchidamiani.com\/it\/occupazione-temporanea-espropriativa-per-opere-di-mitigazione-andrea-sticchi-damiani-vince-al-cga\/#primaryimage"},"thumbnailUrl":"https:\/\/studioandreasticchidamiani.com\/wp-content\/uploads\/2025\/04\/cga.jpg","datePublished":"2025-04-09T16:32:49+00:00","author":{"@id":"https:\/\/studioandreasticchidamiani.com\/it\/#\/schema\/person\/d16e475b2361ce5561eaf4242bdb95ab"},"breadcrumb":{"@id":"https:\/\/studioandreasticchidamiani.com\/it\/occupazione-temporanea-espropriativa-per-opere-di-mitigazione-andrea-sticchi-damiani-vince-al-cga\/#breadcrumb"},"inLanguage":"it-IT","potentialAction":[{"@type":"ReadAction","target":["https:\/\/studioandreasticchidamiani.com\/it\/occupazione-temporanea-espropriativa-per-opere-di-mitigazione-andrea-sticchi-damiani-vince-al-cga\/"]}]},{"@type":"ImageObject","inLanguage":"it-IT","@id":"https:\/\/studioandreasticchidamiani.com\/it\/occupazione-temporanea-espropriativa-per-opere-di-mitigazione-andrea-sticchi-damiani-vince-al-cga\/#primaryimage","url":"https:\/\/studioandreasticchidamiani.com\/wp-content\/uploads\/2025\/04\/cga.jpg","contentUrl":"https:\/\/studioandreasticchidamiani.com\/wp-content\/uploads\/2025\/04\/cga.jpg","width":440,"height":280},{"@type":"BreadcrumbList","@id":"https:\/\/studioandreasticchidamiani.com\/it\/occupazione-temporanea-espropriativa-per-opere-di-mitigazione-andrea-sticchi-damiani-vince-al-cga\/#breadcrumb","itemListElement":[{"@type":"ListItem","position":1,"name":"Home","item":"https:\/\/studioandreasticchidamiani.com\/it\/"},{"@type":"ListItem","position":2,"name":"Occupazione temporanea espropriativa per opere di mitigazione, Andrea Sticchi Damiani vince al CGA"}]},{"@type":"WebSite","@id":"https:\/\/studioandreasticchidamiani.com\/it\/#website","url":"https:\/\/studioandreasticchidamiani.com\/it\/","name":"ASD \u2013 Andrea Sticchi Damiani Studio Legale","description":"","potentialAction":[{"@type":"SearchAction","target":{"@type":"EntryPoint","urlTemplate":"https:\/\/studioandreasticchidamiani.com\/it\/?s={search_term_string}"},"query-input":{"@type":"PropertyValueSpecification","valueRequired":true,"valueName":"search_term_string"}}],"inLanguage":"it-IT"},{"@type":"Person","@id":"https:\/\/studioandreasticchidamiani.com\/it\/#\/schema\/person\/d16e475b2361ce5561eaf4242bdb95ab","name":"admin","image":{"@type":"ImageObject","inLanguage":"it-IT","@id":"https:\/\/studioandreasticchidamiani.com\/it\/#\/schema\/person\/image\/","url":"https:\/\/secure.gravatar.com\/avatar\/422e4d34356f1536a7ba228cbc7c1fd46f2e26f4b4170a45d3c4192ac1ee937b?s=96&d=mm&r=g","contentUrl":"https:\/\/secure.gravatar.com\/avatar\/422e4d34356f1536a7ba228cbc7c1fd46f2e26f4b4170a45d3c4192ac1ee937b?s=96&d=mm&r=g","caption":"admin"},"sameAs":["https:\/\/studioandreasticchidamiani.com"]}]}},"_links":{"self":[{"href":"https:\/\/studioandreasticchidamiani.com\/it\/wp-json\/wp\/v2\/posts\/1062","targetHints":{"allow":["GET"]}}],"collection":[{"href":"https:\/\/studioandreasticchidamiani.com\/it\/wp-json\/wp\/v2\/posts"}],"about":[{"href":"https:\/\/studioandreasticchidamiani.com\/it\/wp-json\/wp\/v2\/types\/post"}],"author":[{"embeddable":true,"href":"https:\/\/studioandreasticchidamiani.com\/it\/wp-json\/wp\/v2\/users\/1"}],"replies":[{"embeddable":true,"href":"https:\/\/studioandreasticchidamiani.com\/it\/wp-json\/wp\/v2\/comments?post=1062"}],"version-history":[{"count":1,"href":"https:\/\/studioandreasticchidamiani.com\/it\/wp-json\/wp\/v2\/posts\/1062\/revisions"}],"predecessor-version":[{"id":1065,"href":"https:\/\/studioandreasticchidamiani.com\/it\/wp-json\/wp\/v2\/posts\/1062\/revisions\/1065"}],"wp:featuredmedia":[{"embeddable":true,"href":"https:\/\/studioandreasticchidamiani.com\/it\/wp-json\/wp\/v2\/media\/1063"}],"wp:attachment":[{"href":"https:\/\/studioandreasticchidamiani.com\/it\/wp-json\/wp\/v2\/media?parent=1062"}],"wp:term":[{"taxonomy":"category","embeddable":true,"href":"https:\/\/studioandreasticchidamiani.com\/it\/wp-json\/wp\/v2\/categories?post=1062"},{"taxonomy":"post_tag","embeddable":true,"href":"https:\/\/studioandreasticchidamiani.com\/it\/wp-json\/wp\/v2\/tags?post=1062"}],"curies":[{"name":"wp","href":"https:\/\/api.w.org\/{rel}","templated":true}]}}