{"id":815,"date":"2023-01-30T11:32:38","date_gmt":"2023-01-30T10:32:38","guid":{"rendered":"https:\/\/studioandreasticchidamiani.com\/?p=815"},"modified":"2023-01-31T11:35:05","modified_gmt":"2023-01-31T10:35:05","slug":"vincolo-di-monteserico-andrea-sticchi-damiani-vince-al-tar-basilicata","status":"publish","type":"post","link":"https:\/\/studioandreasticchidamiani.com\/it\/vincolo-di-monteserico-andrea-sticchi-damiani-vince-al-tar-basilicata\/","title":{"rendered":"Vincolo di Monteserico: Andrea Sticchi Damiani vince al TAR Basilicata"},"content":{"rendered":"<p align=\"justify\"><span style=\"font-size: large;\">Con la Sentenza n. 69\/2023 \u2013 pubblicata questa mattina \u2013 il Tar Basilicata ha accolto il primo dei sedici ricorsi presentati da operatori del settore, difesi dall\u2019Avv. Andrea Sticchi Damiani, avverso la Delibera G.R. n. 345 del 10.6.2022, con la quale la Regione Basilicata ha dichiarato il notevole interesse pubblico quale bene paesaggistico, ai sensi dell\u2019art. 136, comma 1, lett. c), D.Lg.vo n. 42\/2004, dell\u2019area costituita dal Castello di Monteserico e dal territorio circostante ricadente nel Comune di Genzano di Lucania.<\/span><\/p>\n<p align=\"justify\">\u00a0<span style=\"font-size: large;\">All\u2019esito del giudizio incardinato da una societ\u00e0 del gruppo Enfo Service, il Tar \u00a0ha ritenuto illegittimo la prescrizione che vietava in via aprioristica la realizzazione degli impianti FER; ci\u00f2 comporter\u00e0 una riattivazione dei procedimenti autorizzativi e la possibilit\u00e0 di richiedere ed ottenere il rilascio dell\u2019autorizzazione paesaggistica anche in pendenza del vincolo.<\/span><\/p>\n<p align=\"justify\"><span style=\"font-size: large;\">Si tratta senza dubbio di un ottimo risultato e di una sentenza di rilievo per l\u2019intero settore che sblocca una patologica situazione di stallo e che depotenzia il tentativo della Regione Basilicata di impedire gli sviluppi FER in un\u2019area vastissima.<\/span><\/p>\n<p align=\"justify\">\n<p>&nbsp;<\/p>\n<p>&nbsp;<\/p>\n","protected":false},"excerpt":{"rendered":"<p>Con la Sentenza n. 69\/2023 \u2013 pubblicata questa mattina \u2013 il Tar Basilicata ha accolto il primo dei sedici ricorsi presentati da operatori del settore, difesi dall\u2019Avv. Andrea Sticchi Damiani, avverso la Delibera G.R. n. 345 del 10.6.2022, con la quale la Regione Basilicata ha dichiarato il notevole interesse pubblico quale bene paesaggistico, ai sensi&#8230;<\/p>\n","protected":false},"author":1,"featured_media":816,"comment_status":"closed","ping_status":"closed","sticky":false,"template":"","format":"standard","meta":{"_acf_changed":false,"inline_featured_image":false,"footnotes":""},"categories":[1],"tags":[],"class_list":["post-815","post","type-post","status-publish","format-standard","has-post-thumbnail","hentry","category-non-categorizzato"],"acf":[],"yoast_head":"<!-- This site is optimized with the Yoast SEO plugin v25.3 - https:\/\/yoast.com\/wordpress\/plugins\/seo\/ -->\n<title>Vincolo di Monteserico: Andrea Sticchi Damiani vince al TAR Basilicata - ASD \u2013 Andrea Sticchi Damiani Studio Legale<\/title>\n<meta name=\"robots\" content=\"index, follow, max-snippet:-1, max-image-preview:large, max-video-preview:-1\" \/>\n<link rel=\"canonical\" href=\"https:\/\/studioandreasticchidamiani.com\/it\/vincolo-di-monteserico-andrea-sticchi-damiani-vince-al-tar-basilicata\/\" \/>\n<meta property=\"og:locale\" content=\"it_IT\" \/>\n<meta property=\"og:type\" content=\"article\" \/>\n<meta property=\"og:title\" content=\"Vincolo di Monteserico: Andrea Sticchi Damiani vince al TAR Basilicata - ASD \u2013 Andrea Sticchi Damiani Studio Legale\" \/>\n<meta property=\"og:description\" content=\"Con la Sentenza n. 69\/2023 \u2013 pubblicata questa mattina \u2013 il Tar Basilicata ha accolto il primo dei sedici ricorsi presentati da operatori del settore, difesi dall\u2019Avv. Andrea Sticchi Damiani, avverso la Delibera G.R. n. 345 del 10.6.2022, con la quale la Regione Basilicata ha dichiarato il notevole interesse pubblico quale bene paesaggistico, ai sensi...\" \/>\n<meta property=\"og:url\" content=\"https:\/\/studioandreasticchidamiani.com\/it\/vincolo-di-monteserico-andrea-sticchi-damiani-vince-al-tar-basilicata\/\" \/>\n<meta property=\"og:site_name\" content=\"ASD \u2013 Andrea Sticchi Damiani Studio Legale\" \/>\n<meta property=\"article:published_time\" content=\"2023-01-30T10:32:38+00:00\" \/>\n<meta property=\"article:modified_time\" content=\"2023-01-31T10:35:05+00:00\" \/>\n<meta property=\"og:image\" content=\"https:\/\/studioandreasticchidamiani.com\/wp-content\/uploads\/2023\/01\/asd_1.jpg\" \/>\n\t<meta property=\"og:image:width\" content=\"800\" \/>\n\t<meta property=\"og:image:height\" content=\"400\" \/>\n\t<meta property=\"og:image:type\" content=\"image\/jpeg\" \/>\n<meta name=\"author\" content=\"admin\" \/>\n<meta name=\"twitter:card\" content=\"summary_large_image\" \/>\n<meta name=\"twitter:label1\" content=\"Scritto da\" \/>\n\t<meta name=\"twitter:data1\" content=\"admin\" \/>\n\t<meta name=\"twitter:label2\" content=\"Tempo di lettura stimato\" \/>\n\t<meta name=\"twitter:data2\" content=\"1 minuto\" \/>\n<script type=\"application\/ld+json\" class=\"yoast-schema-graph\">{\"@context\":\"https:\/\/schema.org\",\"@graph\":[{\"@type\":\"WebPage\",\"@id\":\"https:\/\/studioandreasticchidamiani.com\/it\/vincolo-di-monteserico-andrea-sticchi-damiani-vince-al-tar-basilicata\/\",\"url\":\"https:\/\/studioandreasticchidamiani.com\/it\/vincolo-di-monteserico-andrea-sticchi-damiani-vince-al-tar-basilicata\/\",\"name\":\"Vincolo di Monteserico: Andrea Sticchi Damiani vince al TAR Basilicata - ASD \u2013 Andrea Sticchi Damiani Studio Legale\",\"isPartOf\":{\"@id\":\"https:\/\/studioandreasticchidamiani.com\/it\/#website\"},\"primaryImageOfPage\":{\"@id\":\"https:\/\/studioandreasticchidamiani.com\/it\/vincolo-di-monteserico-andrea-sticchi-damiani-vince-al-tar-basilicata\/#primaryimage\"},\"image\":{\"@id\":\"https:\/\/studioandreasticchidamiani.com\/it\/vincolo-di-monteserico-andrea-sticchi-damiani-vince-al-tar-basilicata\/#primaryimage\"},\"thumbnailUrl\":\"https:\/\/studioandreasticchidamiani.com\/wp-content\/uploads\/2023\/01\/asd_1.jpg\",\"datePublished\":\"2023-01-30T10:32:38+00:00\",\"dateModified\":\"2023-01-31T10:35:05+00:00\",\"author\":{\"@id\":\"https:\/\/studioandreasticchidamiani.com\/it\/#\/schema\/person\/d16e475b2361ce5561eaf4242bdb95ab\"},\"breadcrumb\":{\"@id\":\"https:\/\/studioandreasticchidamiani.com\/it\/vincolo-di-monteserico-andrea-sticchi-damiani-vince-al-tar-basilicata\/#breadcrumb\"},\"inLanguage\":\"it-IT\",\"potentialAction\":[{\"@type\":\"ReadAction\",\"target\":[\"https:\/\/studioandreasticchidamiani.com\/it\/vincolo-di-monteserico-andrea-sticchi-damiani-vince-al-tar-basilicata\/\"]}]},{\"@type\":\"ImageObject\",\"inLanguage\":\"it-IT\",\"@id\":\"https:\/\/studioandreasticchidamiani.com\/it\/vincolo-di-monteserico-andrea-sticchi-damiani-vince-al-tar-basilicata\/#primaryimage\",\"url\":\"https:\/\/studioandreasticchidamiani.com\/wp-content\/uploads\/2023\/01\/asd_1.jpg\",\"contentUrl\":\"https:\/\/studioandreasticchidamiani.com\/wp-content\/uploads\/2023\/01\/asd_1.jpg\",\"width\":800,\"height\":400},{\"@type\":\"BreadcrumbList\",\"@id\":\"https:\/\/studioandreasticchidamiani.com\/it\/vincolo-di-monteserico-andrea-sticchi-damiani-vince-al-tar-basilicata\/#breadcrumb\",\"itemListElement\":[{\"@type\":\"ListItem\",\"position\":1,\"name\":\"Home\",\"item\":\"https:\/\/studioandreasticchidamiani.com\/it\/\"},{\"@type\":\"ListItem\",\"position\":2,\"name\":\"Vincolo di Monteserico: Andrea Sticchi Damiani vince al TAR Basilicata\"}]},{\"@type\":\"WebSite\",\"@id\":\"https:\/\/studioandreasticchidamiani.com\/it\/#website\",\"url\":\"https:\/\/studioandreasticchidamiani.com\/it\/\",\"name\":\"ASD \u2013 Andrea Sticchi Damiani Studio Legale\",\"description\":\"\",\"potentialAction\":[{\"@type\":\"SearchAction\",\"target\":{\"@type\":\"EntryPoint\",\"urlTemplate\":\"https:\/\/studioandreasticchidamiani.com\/it\/?s={search_term_string}\"},\"query-input\":{\"@type\":\"PropertyValueSpecification\",\"valueRequired\":true,\"valueName\":\"search_term_string\"}}],\"inLanguage\":\"it-IT\"},{\"@type\":\"Person\",\"@id\":\"https:\/\/studioandreasticchidamiani.com\/it\/#\/schema\/person\/d16e475b2361ce5561eaf4242bdb95ab\",\"name\":\"admin\",\"image\":{\"@type\":\"ImageObject\",\"inLanguage\":\"it-IT\",\"@id\":\"https:\/\/studioandreasticchidamiani.com\/it\/#\/schema\/person\/image\/\",\"url\":\"https:\/\/secure.gravatar.com\/avatar\/422e4d34356f1536a7ba228cbc7c1fd46f2e26f4b4170a45d3c4192ac1ee937b?s=96&d=mm&r=g\",\"contentUrl\":\"https:\/\/secure.gravatar.com\/avatar\/422e4d34356f1536a7ba228cbc7c1fd46f2e26f4b4170a45d3c4192ac1ee937b?s=96&d=mm&r=g\",\"caption\":\"admin\"},\"sameAs\":[\"https:\/\/studioandreasticchidamiani.com\"]}]}<\/script>\n<!-- \/ Yoast SEO plugin. -->","yoast_head_json":{"title":"Vincolo di Monteserico: Andrea Sticchi Damiani vince al TAR Basilicata - ASD \u2013 Andrea Sticchi Damiani Studio Legale","robots":{"index":"index","follow":"follow","max-snippet":"max-snippet:-1","max-image-preview":"max-image-preview:large","max-video-preview":"max-video-preview:-1"},"canonical":"https:\/\/studioandreasticchidamiani.com\/it\/vincolo-di-monteserico-andrea-sticchi-damiani-vince-al-tar-basilicata\/","og_locale":"it_IT","og_type":"article","og_title":"Vincolo di Monteserico: Andrea Sticchi Damiani vince al TAR Basilicata - ASD \u2013 Andrea Sticchi Damiani Studio Legale","og_description":"Con la Sentenza n. 69\/2023 \u2013 pubblicata questa mattina \u2013 il Tar Basilicata ha accolto il primo dei sedici ricorsi presentati da operatori del settore, difesi dall\u2019Avv. Andrea Sticchi Damiani, avverso la Delibera G.R. n. 345 del 10.6.2022, con la quale la Regione Basilicata ha dichiarato il notevole interesse pubblico quale bene paesaggistico, ai sensi...","og_url":"https:\/\/studioandreasticchidamiani.com\/it\/vincolo-di-monteserico-andrea-sticchi-damiani-vince-al-tar-basilicata\/","og_site_name":"ASD \u2013 Andrea Sticchi Damiani Studio Legale","article_published_time":"2023-01-30T10:32:38+00:00","article_modified_time":"2023-01-31T10:35:05+00:00","og_image":[{"width":800,"height":400,"url":"https:\/\/studioandreasticchidamiani.com\/wp-content\/uploads\/2023\/01\/asd_1.jpg","type":"image\/jpeg"}],"author":"admin","twitter_card":"summary_large_image","twitter_misc":{"Scritto da":"admin","Tempo di lettura stimato":"1 minuto"},"schema":{"@context":"https:\/\/schema.org","@graph":[{"@type":"WebPage","@id":"https:\/\/studioandreasticchidamiani.com\/it\/vincolo-di-monteserico-andrea-sticchi-damiani-vince-al-tar-basilicata\/","url":"https:\/\/studioandreasticchidamiani.com\/it\/vincolo-di-monteserico-andrea-sticchi-damiani-vince-al-tar-basilicata\/","name":"Vincolo di Monteserico: Andrea Sticchi Damiani vince al TAR Basilicata - ASD \u2013 Andrea Sticchi Damiani Studio Legale","isPartOf":{"@id":"https:\/\/studioandreasticchidamiani.com\/it\/#website"},"primaryImageOfPage":{"@id":"https:\/\/studioandreasticchidamiani.com\/it\/vincolo-di-monteserico-andrea-sticchi-damiani-vince-al-tar-basilicata\/#primaryimage"},"image":{"@id":"https:\/\/studioandreasticchidamiani.com\/it\/vincolo-di-monteserico-andrea-sticchi-damiani-vince-al-tar-basilicata\/#primaryimage"},"thumbnailUrl":"https:\/\/studioandreasticchidamiani.com\/wp-content\/uploads\/2023\/01\/asd_1.jpg","datePublished":"2023-01-30T10:32:38+00:00","dateModified":"2023-01-31T10:35:05+00:00","author":{"@id":"https:\/\/studioandreasticchidamiani.com\/it\/#\/schema\/person\/d16e475b2361ce5561eaf4242bdb95ab"},"breadcrumb":{"@id":"https:\/\/studioandreasticchidamiani.com\/it\/vincolo-di-monteserico-andrea-sticchi-damiani-vince-al-tar-basilicata\/#breadcrumb"},"inLanguage":"it-IT","potentialAction":[{"@type":"ReadAction","target":["https:\/\/studioandreasticchidamiani.com\/it\/vincolo-di-monteserico-andrea-sticchi-damiani-vince-al-tar-basilicata\/"]}]},{"@type":"ImageObject","inLanguage":"it-IT","@id":"https:\/\/studioandreasticchidamiani.com\/it\/vincolo-di-monteserico-andrea-sticchi-damiani-vince-al-tar-basilicata\/#primaryimage","url":"https:\/\/studioandreasticchidamiani.com\/wp-content\/uploads\/2023\/01\/asd_1.jpg","contentUrl":"https:\/\/studioandreasticchidamiani.com\/wp-content\/uploads\/2023\/01\/asd_1.jpg","width":800,"height":400},{"@type":"BreadcrumbList","@id":"https:\/\/studioandreasticchidamiani.com\/it\/vincolo-di-monteserico-andrea-sticchi-damiani-vince-al-tar-basilicata\/#breadcrumb","itemListElement":[{"@type":"ListItem","position":1,"name":"Home","item":"https:\/\/studioandreasticchidamiani.com\/it\/"},{"@type":"ListItem","position":2,"name":"Vincolo di Monteserico: Andrea Sticchi Damiani vince al TAR Basilicata"}]},{"@type":"WebSite","@id":"https:\/\/studioandreasticchidamiani.com\/it\/#website","url":"https:\/\/studioandreasticchidamiani.com\/it\/","name":"ASD \u2013 Andrea Sticchi Damiani Studio Legale","description":"","potentialAction":[{"@type":"SearchAction","target":{"@type":"EntryPoint","urlTemplate":"https:\/\/studioandreasticchidamiani.com\/it\/?s={search_term_string}"},"query-input":{"@type":"PropertyValueSpecification","valueRequired":true,"valueName":"search_term_string"}}],"inLanguage":"it-IT"},{"@type":"Person","@id":"https:\/\/studioandreasticchidamiani.com\/it\/#\/schema\/person\/d16e475b2361ce5561eaf4242bdb95ab","name":"admin","image":{"@type":"ImageObject","inLanguage":"it-IT","@id":"https:\/\/studioandreasticchidamiani.com\/it\/#\/schema\/person\/image\/","url":"https:\/\/secure.gravatar.com\/avatar\/422e4d34356f1536a7ba228cbc7c1fd46f2e26f4b4170a45d3c4192ac1ee937b?s=96&d=mm&r=g","contentUrl":"https:\/\/secure.gravatar.com\/avatar\/422e4d34356f1536a7ba228cbc7c1fd46f2e26f4b4170a45d3c4192ac1ee937b?s=96&d=mm&r=g","caption":"admin"},"sameAs":["https:\/\/studioandreasticchidamiani.com"]}]}},"_links":{"self":[{"href":"https:\/\/studioandreasticchidamiani.com\/it\/wp-json\/wp\/v2\/posts\/815","targetHints":{"allow":["GET"]}}],"collection":[{"href":"https:\/\/studioandreasticchidamiani.com\/it\/wp-json\/wp\/v2\/posts"}],"about":[{"href":"https:\/\/studioandreasticchidamiani.com\/it\/wp-json\/wp\/v2\/types\/post"}],"author":[{"embeddable":true,"href":"https:\/\/studioandreasticchidamiani.com\/it\/wp-json\/wp\/v2\/users\/1"}],"replies":[{"embeddable":true,"href":"https:\/\/studioandreasticchidamiani.com\/it\/wp-json\/wp\/v2\/comments?post=815"}],"version-history":[{"count":2,"href":"https:\/\/studioandreasticchidamiani.com\/it\/wp-json\/wp\/v2\/posts\/815\/revisions"}],"predecessor-version":[{"id":819,"href":"https:\/\/studioandreasticchidamiani.com\/it\/wp-json\/wp\/v2\/posts\/815\/revisions\/819"}],"wp:featuredmedia":[{"embeddable":true,"href":"https:\/\/studioandreasticchidamiani.com\/it\/wp-json\/wp\/v2\/media\/816"}],"wp:attachment":[{"href":"https:\/\/studioandreasticchidamiani.com\/it\/wp-json\/wp\/v2\/media?parent=815"}],"wp:term":[{"taxonomy":"category","embeddable":true,"href":"https:\/\/studioandreasticchidamiani.com\/it\/wp-json\/wp\/v2\/categories?post=815"},{"taxonomy":"post_tag","embeddable":true,"href":"https:\/\/studioandreasticchidamiani.com\/it\/wp-json\/wp\/v2\/tags?post=815"}],"curies":[{"name":"wp","href":"https:\/\/api.w.org\/{rel}","templated":true}]}}